{"id":1874,"date":"2016-08-21T09:50:10","date_gmt":"2016-08-21T09:50:10","guid":{"rendered":"http:\/\/demo.themealien.com\/zamad\/?p=1874"},"modified":"2016-08-21T09:50:10","modified_gmt":"2016-08-21T09:50:10","slug":"a-minimalist-coat-is-a-must-for-fall","status":"publish","type":"post","link":"https:\/\/www.les-bois.fr\/fr\/2016\/08\/21\/a-minimalist-coat-is-a-must-for-fall\/","title":{"rendered":"A Minimalist Coat is A Must For Fall"},"content":{"rendered":"<p>Lorem ipsum dolor sit amet, consectetur adipiscing elit. Nunc mattis ligula pellentesque nisi tristique porta. Vestibulum eget nisi est. Vivamus pharetra mattis ornare. Vestibulum ante ipsum primis in faucibus orci luctus et ultrices posuere cubilia Curae; Nunc eget nisl vel nisl pellentesque semper sed quis tellus. Integer euismod consequat ipsum eget congue. Aliquam sit amet ipsum ornare, aliquam arcu eu, eleifend ante. Vestibulum iaculis finibus quam, quis vestibulum ligula blandit ut. Suspendisse sit amet dolor vitae lectus posuere vestibulum. Fusce a est dui.<\/p>\n<p>Ut tellus ligula, interdum a interdum ut, egestas ut ipsum. Vivamus viverra consequat ipsum, nec auctor dolor eleifend sit amet. Nulla cursus fringilla metus a dictum. Morbi condimentum nibh nec elit luctus interdum. Aliquam sit amet massa rutrum tellus sollicitudin varius nec vitae felis. Proin ex tellus, euismod et nibh et, tempus consequat dolor. Sed sed malesuada ipsum. Nullam sed ligula eget dui eleifend euismod sit amet in sapien. Lorem ipsum dolor sit amet, consectetur adipiscing elit. In condimentum elementum hendrerit.<\/p>\n","protected":false},"excerpt":{"rendered":"<p>Lorem ipsum dolor sit amet, consectetur adipiscing elit. Nunc mattis ligula pellentesque nisi tristique porta.&hellip;<\/p>\n","protected":false},"author":2,"featured_media":0,"comment_status":"open","ping_status":"open","sticky":false,"template":"","format":"standard","meta":{"inline_featured_image":false,"footnotes":""},"categories":[16],"tags":[28,29],"class_list":["post-1874","post","type-post","status-publish","format-standard","hentry","category-fashion","tag-trends","tag-women"],"acf":[],"yoast_head":"<!-- This site is optimized with the Yoast SEO plugin v19.13 - https:\/\/yoast.com\/wordpress\/plugins\/seo\/ -->\n<title>A Minimalist Coat is A Must For Fall - Les bois<\/title>\n<meta name=\"robots\" content=\"index, follow, max-snippet:-1, max-image-preview:large, max-video-preview:-1\" \/>\n<link rel=\"canonical\" href=\"https:\/\/www.les-bois.fr\/fr\/2016\/08\/21\/a-minimalist-coat-is-a-must-for-fall\/\" \/>\n<meta property=\"og:locale\" content=\"fr_FR\" \/>\n<meta property=\"og:type\" content=\"article\" \/>\n<meta property=\"og:title\" content=\"A Minimalist Coat is A Must For Fall - Les bois\" \/>\n<meta property=\"og:description\" content=\"Lorem ipsum dolor sit amet, consectetur adipiscing elit. Nunc mattis ligula pellentesque nisi tristique porta.&hellip;\" \/>\n<meta property=\"og:url\" content=\"https:\/\/www.les-bois.fr\/fr\/2016\/08\/21\/a-minimalist-coat-is-a-must-for-fall\/\" \/>\n<meta property=\"og:site_name\" content=\"Les bois\" \/>\n<meta property=\"article:published_time\" content=\"2016-08-21T09:50:10+00:00\" \/>\n<meta name=\"author\" content=\"Anne-Claire d&#039;IZARNY-GARGAS\" \/>\n<meta name=\"twitter:card\" content=\"summary_large_image\" \/>\n<meta name=\"twitter:label1\" content=\"\u00c9crit par\" \/>\n\t<meta name=\"twitter:data1\" content=\"Anne-Claire d'IZARNY-GARGAS\" \/>\n\t<meta name=\"twitter:label2\" content=\"Dur\u00e9e de lecture estim\u00e9e\" \/>\n\t<meta name=\"twitter:data2\" content=\"1 minute\" \/>\n<script type=\"application\/ld+json\" class=\"yoast-schema-graph\">{\"@context\":\"https:\/\/schema.org\",\"@graph\":[{\"@type\":\"WebPage\",\"@id\":\"https:\/\/www.les-bois.fr\/fr\/2016\/08\/21\/a-minimalist-coat-is-a-must-for-fall\/\",\"url\":\"https:\/\/www.les-bois.fr\/fr\/2016\/08\/21\/a-minimalist-coat-is-a-must-for-fall\/\",\"name\":\"A Minimalist Coat is A Must For Fall - Les bois\",\"isPartOf\":{\"@id\":\"https:\/\/www.les-bois.fr\/#website\"},\"datePublished\":\"2016-08-21T09:50:10+00:00\",\"dateModified\":\"2016-08-21T09:50:10+00:00\",\"author\":{\"@id\":\"https:\/\/www.les-bois.fr\/#\/schema\/person\/978692f4d00739e02ce0fd3106e21d38\"},\"breadcrumb\":{\"@id\":\"https:\/\/www.les-bois.fr\/fr\/2016\/08\/21\/a-minimalist-coat-is-a-must-for-fall\/#breadcrumb\"},\"inLanguage\":\"fr-FR\",\"potentialAction\":[{\"@type\":\"ReadAction\",\"target\":[\"https:\/\/www.les-bois.fr\/fr\/2016\/08\/21\/a-minimalist-coat-is-a-must-for-fall\/\"]}]},{\"@type\":\"BreadcrumbList\",\"@id\":\"https:\/\/www.les-bois.fr\/fr\/2016\/08\/21\/a-minimalist-coat-is-a-must-for-fall\/#breadcrumb\",\"itemListElement\":[{\"@type\":\"ListItem\",\"position\":1,\"name\":\"Home\",\"item\":\"https:\/\/www.les-bois.fr\/fr\/\"},{\"@type\":\"ListItem\",\"position\":2,\"name\":\"A Minimalist Coat is A Must For Fall\"}]},{\"@type\":\"WebSite\",\"@id\":\"https:\/\/www.les-bois.fr\/#website\",\"url\":\"https:\/\/www.les-bois.fr\/\",\"name\":\"Les bois\",\"description\":\"Conscious skincare \/ From trees to humankind\",\"potentialAction\":[{\"@type\":\"SearchAction\",\"target\":{\"@type\":\"EntryPoint\",\"urlTemplate\":\"https:\/\/www.les-bois.fr\/?s={search_term_string}\"},\"query-input\":\"required name=search_term_string\"}],\"inLanguage\":\"fr-FR\"},{\"@type\":\"Person\",\"@id\":\"https:\/\/www.les-bois.fr\/#\/schema\/person\/978692f4d00739e02ce0fd3106e21d38\",\"name\":\"Anne-Claire d'IZARNY-GARGAS\",\"image\":{\"@type\":\"ImageObject\",\"inLanguage\":\"fr-FR\",\"@id\":\"https:\/\/www.les-bois.fr\/#\/schema\/person\/image\/\",\"url\":\"https:\/\/secure.gravatar.com\/avatar\/4981b591108569feca733998321b3875e82959dd138eec9614d81043602bb147?s=96&d=mm&r=g\",\"contentUrl\":\"https:\/\/secure.gravatar.com\/avatar\/4981b591108569feca733998321b3875e82959dd138eec9614d81043602bb147?s=96&d=mm&r=g\",\"caption\":\"Anne-Claire d'IZARNY-GARGAS\"},\"sameAs\":[\"https:\/\/www.les-bois.fr\"],\"url\":\"https:\/\/www.les-bois.fr\/fr\/author\/acdizarny_hkh8it82gvg2_lesbois_administration\/\"}]}<\/script>\n<!-- \/ Yoast SEO plugin. -->","yoast_head_json":{"title":"A Minimalist Coat is A Must For Fall - Les bois","robots":{"index":"index","follow":"follow","max-snippet":"max-snippet:-1","max-image-preview":"max-image-preview:large","max-video-preview":"max-video-preview:-1"},"canonical":"https:\/\/www.les-bois.fr\/fr\/2016\/08\/21\/a-minimalist-coat-is-a-must-for-fall\/","og_locale":"fr_FR","og_type":"article","og_title":"A Minimalist Coat is A Must For Fall - Les bois","og_description":"Lorem ipsum dolor sit amet, consectetur adipiscing elit. Nunc mattis ligula pellentesque nisi tristique porta.&hellip;","og_url":"https:\/\/www.les-bois.fr\/fr\/2016\/08\/21\/a-minimalist-coat-is-a-must-for-fall\/","og_site_name":"Les bois","article_published_time":"2016-08-21T09:50:10+00:00","author":"Anne-Claire d'IZARNY-GARGAS","twitter_card":"summary_large_image","twitter_misc":{"\u00c9crit par":"Anne-Claire d'IZARNY-GARGAS","Dur\u00e9e de lecture estim\u00e9e":"1 minute"},"schema":{"@context":"https:\/\/schema.org","@graph":[{"@type":"WebPage","@id":"https:\/\/www.les-bois.fr\/fr\/2016\/08\/21\/a-minimalist-coat-is-a-must-for-fall\/","url":"https:\/\/www.les-bois.fr\/fr\/2016\/08\/21\/a-minimalist-coat-is-a-must-for-fall\/","name":"A Minimalist Coat is A Must For Fall - Les bois","isPartOf":{"@id":"https:\/\/www.les-bois.fr\/#website"},"datePublished":"2016-08-21T09:50:10+00:00","dateModified":"2016-08-21T09:50:10+00:00","author":{"@id":"https:\/\/www.les-bois.fr\/#\/schema\/person\/978692f4d00739e02ce0fd3106e21d38"},"breadcrumb":{"@id":"https:\/\/www.les-bois.fr\/fr\/2016\/08\/21\/a-minimalist-coat-is-a-must-for-fall\/#breadcrumb"},"inLanguage":"fr-FR","potentialAction":[{"@type":"ReadAction","target":["https:\/\/www.les-bois.fr\/fr\/2016\/08\/21\/a-minimalist-coat-is-a-must-for-fall\/"]}]},{"@type":"BreadcrumbList","@id":"https:\/\/www.les-bois.fr\/fr\/2016\/08\/21\/a-minimalist-coat-is-a-must-for-fall\/#breadcrumb","itemListElement":[{"@type":"ListItem","position":1,"name":"Home","item":"https:\/\/www.les-bois.fr\/fr\/"},{"@type":"ListItem","position":2,"name":"A Minimalist Coat is A Must For Fall"}]},{"@type":"WebSite","@id":"https:\/\/www.les-bois.fr\/#website","url":"https:\/\/www.les-bois.fr\/","name":"Les bois","description":"Conscious skincare \/ From trees to humankind","potentialAction":[{"@type":"SearchAction","target":{"@type":"EntryPoint","urlTemplate":"https:\/\/www.les-bois.fr\/?s={search_term_string}"},"query-input":"required name=search_term_string"}],"inLanguage":"fr-FR"},{"@type":"Person","@id":"https:\/\/www.les-bois.fr\/#\/schema\/person\/978692f4d00739e02ce0fd3106e21d38","name":"Anne-Claire d'IZARNY-GARGAS","image":{"@type":"ImageObject","inLanguage":"fr-FR","@id":"https:\/\/www.les-bois.fr\/#\/schema\/person\/image\/","url":"https:\/\/secure.gravatar.com\/avatar\/4981b591108569feca733998321b3875e82959dd138eec9614d81043602bb147?s=96&d=mm&r=g","contentUrl":"https:\/\/secure.gravatar.com\/avatar\/4981b591108569feca733998321b3875e82959dd138eec9614d81043602bb147?s=96&d=mm&r=g","caption":"Anne-Claire d'IZARNY-GARGAS"},"sameAs":["https:\/\/www.les-bois.fr"],"url":"https:\/\/www.les-bois.fr\/fr\/author\/acdizarny_hkh8it82gvg2_lesbois_administration\/"}]}},"_links":{"self":[{"href":"https:\/\/www.les-bois.fr\/fr\/wp-json\/wp\/v2\/posts\/1874","targetHints":{"allow":["GET"]}}],"collection":[{"href":"https:\/\/www.les-bois.fr\/fr\/wp-json\/wp\/v2\/posts"}],"about":[{"href":"https:\/\/www.les-bois.fr\/fr\/wp-json\/wp\/v2\/types\/post"}],"author":[{"embeddable":true,"href":"https:\/\/www.les-bois.fr\/fr\/wp-json\/wp\/v2\/users\/2"}],"replies":[{"embeddable":true,"href":"https:\/\/www.les-bois.fr\/fr\/wp-json\/wp\/v2\/comments?post=1874"}],"version-history":[{"count":0,"href":"https:\/\/www.les-bois.fr\/fr\/wp-json\/wp\/v2\/posts\/1874\/revisions"}],"wp:attachment":[{"href":"https:\/\/www.les-bois.fr\/fr\/wp-json\/wp\/v2\/media?parent=1874"}],"wp:term":[{"taxonomy":"category","embeddable":true,"href":"https:\/\/www.les-bois.fr\/fr\/wp-json\/wp\/v2\/categories?post=1874"},{"taxonomy":"post_tag","embeddable":true,"href":"https:\/\/www.les-bois.fr\/fr\/wp-json\/wp\/v2\/tags?post=1874"}],"curies":[{"name":"wp","href":"https:\/\/api.w.org\/{rel}","templated":true}]}}