{"id":1105,"date":"2016-08-09T09:45:34","date_gmt":"2016-08-09T09:45:34","guid":{"rendered":"http:\/\/wptest.io\/demo\/?p=1005"},"modified":"2016-08-09T09:45:34","modified_gmt":"2016-08-09T09:45:34","slug":"best-dressed-the-week-in-outfits","status":"publish","type":"post","link":"https:\/\/www.les-bois.fr\/fr\/2016\/08\/09\/best-dressed-the-week-in-outfits\/","title":{"rendered":"Best Dressed: The Week in Outfits"},"content":{"rendered":"<p>Sed in odio faucibus, sagittis lacus eu, tempor erat. Praesent tincidunt convallis vulputate. Donec enim lectus, hendrerit quis sapien at, mattis consectetur dui. Mauris tincidunt accumsan molestie. Ut vel laoreet nulla, in euismod tortor. Vestibulum volutpat urna sit amet mi tempor, vitae dignissim eros rutrum. Sed sit amet metus ut dolor gravida porta rhoncus non augue. Aenean eleifend sagittis mattis. Nunc ac interdum enim. Maecenas lobortis suscipit aliquam. Donec at augue sit amet eros sollicitudin ultricies et nec lorem. Sed dapibus diam libero, vel egestas est fermentum bibendum. Nulla in vehicula neque. Suspendisse ultricies ipsum nisi, vitae egestas turpis tristique ac.<\/p>\n<p>Aenean et mi hendrerit, eleifend massa at, efficitur nisl. Morbi purus magna, sollicitudin nec orci sed, cursus egestas ex. Vivamus neque ex, euismod ac magna blandit, auctor laoreet felis. Quisque lectus nisl, placerat eget maximus et, feugiat eget tellus. Aenean pellentesque fringilla ex, sit amet auctor neque porta vel. Curabitur vitae dictum dui, ut tristique diam. Ut lacinia vehicula sem, quis venenatis nulla. Sed lobortis vulputate luctus. Integer a elit a arcu commodo accumsan in a urna. Proin ut libero ornare, ornare lectus ac, tincidunt arcu. Nulla lobortis odio vel interdum pellentesque. Sed quis purus consectetur lectus ultricies sodales. Aenean lacinia arcu et malesuada volutpat. Maecenas tincidunt ex pellentesque velit egestas, ut laoreet tellus cursus. Etiam volutpat luctus felis, sed bibendum odio facilisis id.<\/p>\n<p>Cras tincidunt egestas mollis. Nam vel scelerisque urna. Aenean tincidunt nunc ut fermentum sagittis. Maecenas commodo commodo sapien a ornare. Duis vestibulum ullamcorper purus, mattis finibus ipsum lacinia in. Vivamus dolor ligula, porttitor nec libero ut, faucibus maximus magna. Mauris et tempor ipsum. Proin nec turpis eros. Sed id nibh vel purus rhoncus efficitur at at sapien. Aliquam semper quis augue ac sodales. Sed erat nibh, fermentum ut feugiat quis, tincidunt non lorem. Phasellus ut posuere tortor, in hendrerit metus. Cras eu est sit amet diam dignissim viverra eu et leo. Donec urna ex, commodo aliquet bibendum nec, varius at nunc.<\/p>\n","protected":false},"excerpt":{"rendered":"<p>Sed in odio faucibus, sagittis lacus eu, tempor erat. Praesent tincidunt convallis vulputate. Donec enim&hellip;<\/p>\n","protected":false},"author":2,"featured_media":0,"comment_status":"open","ping_status":"open","sticky":false,"template":"","format":"standard","meta":{"inline_featured_image":false,"footnotes":""},"categories":[21],"tags":[27],"class_list":["post-1105","post","type-post","status-publish","format-standard","hentry","category-shopping","tag-shopping"],"acf":[],"yoast_head":"<!-- This site is optimized with the Yoast SEO plugin v19.13 - https:\/\/yoast.com\/wordpress\/plugins\/seo\/ -->\n<title>Best Dressed: The Week in Outfits - Les bois<\/title>\n<meta name=\"robots\" content=\"index, follow, max-snippet:-1, max-image-preview:large, max-video-preview:-1\" \/>\n<link rel=\"canonical\" href=\"https:\/\/www.les-bois.fr\/fr\/2016\/08\/09\/best-dressed-the-week-in-outfits\/\" \/>\n<meta property=\"og:locale\" content=\"fr_FR\" \/>\n<meta property=\"og:type\" content=\"article\" \/>\n<meta property=\"og:title\" content=\"Best Dressed: The Week in Outfits - Les bois\" \/>\n<meta property=\"og:description\" content=\"Sed in odio faucibus, sagittis lacus eu, tempor erat. Praesent tincidunt convallis vulputate. Donec enim&hellip;\" \/>\n<meta property=\"og:url\" content=\"https:\/\/www.les-bois.fr\/fr\/2016\/08\/09\/best-dressed-the-week-in-outfits\/\" \/>\n<meta property=\"og:site_name\" content=\"Les bois\" \/>\n<meta property=\"article:published_time\" content=\"2016-08-09T09:45:34+00:00\" \/>\n<meta name=\"author\" content=\"Anne-Claire d&#039;IZARNY-GARGAS\" \/>\n<meta name=\"twitter:card\" content=\"summary_large_image\" \/>\n<meta name=\"twitter:label1\" content=\"\u00c9crit par\" \/>\n\t<meta name=\"twitter:data1\" content=\"Anne-Claire d'IZARNY-GARGAS\" \/>\n\t<meta name=\"twitter:label2\" content=\"Dur\u00e9e de lecture estim\u00e9e\" \/>\n\t<meta name=\"twitter:data2\" content=\"2 minutes\" \/>\n<script type=\"application\/ld+json\" class=\"yoast-schema-graph\">{\"@context\":\"https:\/\/schema.org\",\"@graph\":[{\"@type\":\"WebPage\",\"@id\":\"https:\/\/www.les-bois.fr\/fr\/2016\/08\/09\/best-dressed-the-week-in-outfits\/\",\"url\":\"https:\/\/www.les-bois.fr\/fr\/2016\/08\/09\/best-dressed-the-week-in-outfits\/\",\"name\":\"Best Dressed: The Week in Outfits - Les bois\",\"isPartOf\":{\"@id\":\"https:\/\/www.les-bois.fr\/#website\"},\"datePublished\":\"2016-08-09T09:45:34+00:00\",\"dateModified\":\"2016-08-09T09:45:34+00:00\",\"author\":{\"@id\":\"https:\/\/www.les-bois.fr\/#\/schema\/person\/978692f4d00739e02ce0fd3106e21d38\"},\"breadcrumb\":{\"@id\":\"https:\/\/www.les-bois.fr\/fr\/2016\/08\/09\/best-dressed-the-week-in-outfits\/#breadcrumb\"},\"inLanguage\":\"fr-FR\",\"potentialAction\":[{\"@type\":\"ReadAction\",\"target\":[\"https:\/\/www.les-bois.fr\/fr\/2016\/08\/09\/best-dressed-the-week-in-outfits\/\"]}]},{\"@type\":\"BreadcrumbList\",\"@id\":\"https:\/\/www.les-bois.fr\/fr\/2016\/08\/09\/best-dressed-the-week-in-outfits\/#breadcrumb\",\"itemListElement\":[{\"@type\":\"ListItem\",\"position\":1,\"name\":\"Home\",\"item\":\"https:\/\/www.les-bois.fr\/fr\/\"},{\"@type\":\"ListItem\",\"position\":2,\"name\":\"Best Dressed: The Week in Outfits\"}]},{\"@type\":\"WebSite\",\"@id\":\"https:\/\/www.les-bois.fr\/#website\",\"url\":\"https:\/\/www.les-bois.fr\/\",\"name\":\"Les bois\",\"description\":\"Conscious skincare \/ From trees to humankind\",\"potentialAction\":[{\"@type\":\"SearchAction\",\"target\":{\"@type\":\"EntryPoint\",\"urlTemplate\":\"https:\/\/www.les-bois.fr\/?s={search_term_string}\"},\"query-input\":\"required name=search_term_string\"}],\"inLanguage\":\"fr-FR\"},{\"@type\":\"Person\",\"@id\":\"https:\/\/www.les-bois.fr\/#\/schema\/person\/978692f4d00739e02ce0fd3106e21d38\",\"name\":\"Anne-Claire d'IZARNY-GARGAS\",\"image\":{\"@type\":\"ImageObject\",\"inLanguage\":\"fr-FR\",\"@id\":\"https:\/\/www.les-bois.fr\/#\/schema\/person\/image\/\",\"url\":\"https:\/\/secure.gravatar.com\/avatar\/4981b591108569feca733998321b3875e82959dd138eec9614d81043602bb147?s=96&d=mm&r=g\",\"contentUrl\":\"https:\/\/secure.gravatar.com\/avatar\/4981b591108569feca733998321b3875e82959dd138eec9614d81043602bb147?s=96&d=mm&r=g\",\"caption\":\"Anne-Claire d'IZARNY-GARGAS\"},\"sameAs\":[\"https:\/\/www.les-bois.fr\"],\"url\":\"https:\/\/www.les-bois.fr\/fr\/author\/acdizarny_hkh8it82gvg2_lesbois_administration\/\"}]}<\/script>\n<!-- \/ Yoast SEO plugin. -->","yoast_head_json":{"title":"Best Dressed: The Week in Outfits - Les bois","robots":{"index":"index","follow":"follow","max-snippet":"max-snippet:-1","max-image-preview":"max-image-preview:large","max-video-preview":"max-video-preview:-1"},"canonical":"https:\/\/www.les-bois.fr\/fr\/2016\/08\/09\/best-dressed-the-week-in-outfits\/","og_locale":"fr_FR","og_type":"article","og_title":"Best Dressed: The Week in Outfits - Les bois","og_description":"Sed in odio faucibus, sagittis lacus eu, tempor erat. Praesent tincidunt convallis vulputate. Donec enim&hellip;","og_url":"https:\/\/www.les-bois.fr\/fr\/2016\/08\/09\/best-dressed-the-week-in-outfits\/","og_site_name":"Les bois","article_published_time":"2016-08-09T09:45:34+00:00","author":"Anne-Claire d'IZARNY-GARGAS","twitter_card":"summary_large_image","twitter_misc":{"\u00c9crit par":"Anne-Claire d'IZARNY-GARGAS","Dur\u00e9e de lecture estim\u00e9e":"2 minutes"},"schema":{"@context":"https:\/\/schema.org","@graph":[{"@type":"WebPage","@id":"https:\/\/www.les-bois.fr\/fr\/2016\/08\/09\/best-dressed-the-week-in-outfits\/","url":"https:\/\/www.les-bois.fr\/fr\/2016\/08\/09\/best-dressed-the-week-in-outfits\/","name":"Best Dressed: The Week in Outfits - Les bois","isPartOf":{"@id":"https:\/\/www.les-bois.fr\/#website"},"datePublished":"2016-08-09T09:45:34+00:00","dateModified":"2016-08-09T09:45:34+00:00","author":{"@id":"https:\/\/www.les-bois.fr\/#\/schema\/person\/978692f4d00739e02ce0fd3106e21d38"},"breadcrumb":{"@id":"https:\/\/www.les-bois.fr\/fr\/2016\/08\/09\/best-dressed-the-week-in-outfits\/#breadcrumb"},"inLanguage":"fr-FR","potentialAction":[{"@type":"ReadAction","target":["https:\/\/www.les-bois.fr\/fr\/2016\/08\/09\/best-dressed-the-week-in-outfits\/"]}]},{"@type":"BreadcrumbList","@id":"https:\/\/www.les-bois.fr\/fr\/2016\/08\/09\/best-dressed-the-week-in-outfits\/#breadcrumb","itemListElement":[{"@type":"ListItem","position":1,"name":"Home","item":"https:\/\/www.les-bois.fr\/fr\/"},{"@type":"ListItem","position":2,"name":"Best Dressed: The Week in Outfits"}]},{"@type":"WebSite","@id":"https:\/\/www.les-bois.fr\/#website","url":"https:\/\/www.les-bois.fr\/","name":"Les bois","description":"Conscious skincare \/ From trees to humankind","potentialAction":[{"@type":"SearchAction","target":{"@type":"EntryPoint","urlTemplate":"https:\/\/www.les-bois.fr\/?s={search_term_string}"},"query-input":"required name=search_term_string"}],"inLanguage":"fr-FR"},{"@type":"Person","@id":"https:\/\/www.les-bois.fr\/#\/schema\/person\/978692f4d00739e02ce0fd3106e21d38","name":"Anne-Claire d'IZARNY-GARGAS","image":{"@type":"ImageObject","inLanguage":"fr-FR","@id":"https:\/\/www.les-bois.fr\/#\/schema\/person\/image\/","url":"https:\/\/secure.gravatar.com\/avatar\/4981b591108569feca733998321b3875e82959dd138eec9614d81043602bb147?s=96&d=mm&r=g","contentUrl":"https:\/\/secure.gravatar.com\/avatar\/4981b591108569feca733998321b3875e82959dd138eec9614d81043602bb147?s=96&d=mm&r=g","caption":"Anne-Claire d'IZARNY-GARGAS"},"sameAs":["https:\/\/www.les-bois.fr"],"url":"https:\/\/www.les-bois.fr\/fr\/author\/acdizarny_hkh8it82gvg2_lesbois_administration\/"}]}},"_links":{"self":[{"href":"https:\/\/www.les-bois.fr\/fr\/wp-json\/wp\/v2\/posts\/1105","targetHints":{"allow":["GET"]}}],"collection":[{"href":"https:\/\/www.les-bois.fr\/fr\/wp-json\/wp\/v2\/posts"}],"about":[{"href":"https:\/\/www.les-bois.fr\/fr\/wp-json\/wp\/v2\/types\/post"}],"author":[{"embeddable":true,"href":"https:\/\/www.les-bois.fr\/fr\/wp-json\/wp\/v2\/users\/2"}],"replies":[{"embeddable":true,"href":"https:\/\/www.les-bois.fr\/fr\/wp-json\/wp\/v2\/comments?post=1105"}],"version-history":[{"count":0,"href":"https:\/\/www.les-bois.fr\/fr\/wp-json\/wp\/v2\/posts\/1105\/revisions"}],"wp:attachment":[{"href":"https:\/\/www.les-bois.fr\/fr\/wp-json\/wp\/v2\/media?parent=1105"}],"wp:term":[{"taxonomy":"category","embeddable":true,"href":"https:\/\/www.les-bois.fr\/fr\/wp-json\/wp\/v2\/categories?post=1105"},{"taxonomy":"post_tag","embeddable":true,"href":"https:\/\/www.les-bois.fr\/fr\/wp-json\/wp\/v2\/tags?post=1105"}],"curies":[{"name":"wp","href":"https:\/\/api.w.org\/{rel}","templated":true}]}}